{"id":7194,"date":"2020-06-09T03:10:35","date_gmt":"2020-06-09T03:10:35","guid":{"rendered":"http:\/\/www.zocalo.cl\/gatos\/?p=7194"},"modified":"2020-06-09T14:54:55","modified_gmt":"2020-06-09T17:54:55","slug":"esta-es-la-historia-de-mi-carcinoma-de-celulas-escamosas-en-mi-nariz-y-el-tratamiento-de-electroquimioterapia","status":"publish","type":"post","link":"https:\/\/www.zocalo.cl\/gatos\/?p=7194","title":{"rendered":"Esta es la historia de mi carcinoma de c\u00e9lulas escamosas en mi nariz y el tratamiento de electroquimioterapia."},"content":{"rendered":"<p><a href=\"https:\/\/www.instagram.com\/p\/CBMuGcxBSPP\/\" target=\"_blank\" rel=\"noopener noreferrer\"><img decoding=\"async\" loading=\"lazy\" class=\"insta-image\" src=\"https:\/\/www.zocalo.cl\/gatos\/wp-content\/uploads\/2020\/06\/esta-es-la-historia-de.jpg\" sizes=\"(max-width: 1080px) 100vw, 1080px\" srcset=\"https:\/\/www.zocalo.cl\/gatos\/wp-content\/uploads\/2020\/06\/esta-es-la-historia-de.jpg 1080w, https:\/\/www.zocalo.cl\/gatos\/wp-content\/uploads\/2020\/06\/esta-es-la-historia-de-300x300.jpg 300w, https:\/\/www.zocalo.cl\/gatos\/wp-content\/uploads\/2020\/06\/esta-es-la-historia-de-800x800.jpg 800w, https:\/\/www.zocalo.cl\/gatos\/wp-content\/uploads\/2020\/06\/esta-es-la-historia-de-150x150.jpg 150w, https:\/\/www.zocalo.cl\/gatos\/wp-content\/uploads\/2020\/06\/esta-es-la-historia-de-768x768.jpg 768w\" alt=\"Esta es la historia de mi carcinoma de c\u00e9lulas escamosas en mi nariz y el tratamiento de electroquimioterapia.\n.\nTengo 18 a\u00f1os dicen los humanos, hace 5 estoy con esta humana que me cuida mucho.\n.\nHumana me conoce hace 16 a\u00f1os, y dice que siempre tuve una mini costra en mi nariz (y dermatitis act\u00ednica y verrugas en mis orejas). A fin de de 2019 se desat\u00f3 el carcinoma, y en marzo creci\u00f3 demasiado r\u00e1pido. A medida que el hoyo crec\u00eda yo me iba sintiendo mal, y humana se iba asustando.\n.\nEl 3 de abril me hicieron ex\u00e1menes, el 9 de abril la electroquimioterapia. La primera semana fue horrible, con edema, moco, feo, la pas\u00e9 muy mal. Estoy con mucho apoyo de homeopat\u00eda, reiki, imanes, curaciones con plata coloidial y el apoyo de la comunicadora animal Daniela Medrano de @alma.terapia\n.\nPero\u2026 pasada la crisis, mi nariz ha sanado de manera espectacular. Quienes me conocen dicen que tengo nariz nueva, y que rejuvenec\u00ed!\nLas fotos abarcan 8 semanas, desde el tratamiento.\n.\nLo que me hicieron fue ELECTROQUIMIOTERAPIA, es una quimioterapia local, con aplicaci\u00f3n de luz, menos invasiva que la quimioterapia habitual.\n.\nLa terapia la sugiri\u00f3 mi veterinaria de cabecera, @ale_rojas_vet de Morgana Vet, \u00d1u\u00f1oa. Fue en su cl\u00ednica, y la onc\u00f3loga que aplic\u00f3 la t\u00e9cnica fue Daniela Zaror de https:\/\/www.electroquimioterapia.cl\/\n.\nEl costo total -dice humana- fue $ 220 mil pesos chilenos, con todo (una sesi\u00f3n).\n.\nComo ven, hay esperanza para el carcinoma. Hasta antes de saber de esto, humana estaba desesperada de verme que yo todav\u00eda tengo cuerda, y que el hoyo iba creciendo.\n.\nDice humana que vali\u00f3 todo el esfuerzo, los cuidados, los trasnoches, el $$\u2026 y dice la veterinaria que si me crece pelo donde estaba el hoyo, ya no vuelve el carcinoma. Y est\u00e1 creciendo\" width=\"1080\" height=\"1080\"><\/a><\/p>\n<p>Instagram filter used: Normal<\/p>\n<p><a href=\"https:\/\/www.instagram.com\/p\/CBMuGcxBSPP\/\" target=\"_blank\" rel=\"noopener noreferrer\">View in Instagram \u21d2<\/a><\/p>\n\n\n<p>Tengo 18 a\u00f1os dicen los humanos, hace 5 estoy con esta humana que me cuida mucho.<br>.<br>Humana me conoce hace 16 a\u00f1os, y dice que siempre tuve una mini costra en mi nariz (y dermatitis act\u00ednica y verrugas en mis orejas). A fin de de 2019 se desat\u00f3 el carcinoma, y en marzo creci\u00f3 demasiado r\u00e1pido. A medida que el hoyo crec\u00eda yo me iba sintiendo mal, y humana se iba asustando.<br>.<br>El 3 de abril me hicieron ex\u00e1menes, el 9 de abril la electroquimioterapia. La primera semana fue horrible, con edema, moco, feo, la pas\u00e9 muy mal. Estoy con mucho apoyo de homeopat\u00eda, reiki, imanes, curaciones con plata coloidial y el apoyo de la comunicadora animal Daniela Medrano de @alma.terapia<br>.<br>Pero&#8230; pasada la crisis, mi nariz ha sanado de manera espectacular. Quienes me conocen dicen que tengo nariz nueva, y que rejuvenec\u00ed!<br>Las fotos abarcan 8 semanas, desde el tratamiento.<br>.<br>El tratamiento fue ELECTROQUIMIOTERAPIA, es una quimioterapia local, con aplicaci\u00f3n de luz, menos invasiva que la quimioterapia habitual.<br>.<br>La terapia la sugiri\u00f3 mi veterinaria de cabecera, @ale_rojas_vet de Morgana Vet, \u00d1u\u00f1oa. Fue en su cl\u00ednica, y la onc\u00f3loga que aplic\u00f3 la t\u00e9cnica fue Daniela Zaror de <a rel=\"noreferrer noopener\" target=\"_blank\" href=\"https:\/\/www.electroquimioterapia.cl\/\">https:\/\/www.electroquimioterapia.cl\/<\/a><br>.<br>El costo total -dice humana- fue $ 220 mil pesos chilenos, con todo (una sesi\u00f3n).<br>.<br>Como ven, hay esperanza para el carcinoma. Hasta antes de saber de esto, humana estaba desesperada de verme que yo todav\u00eda tengo cuerda, y que el hoyo iba creciendo.<br>.<br>Dice humana que vali\u00f3 todo el esfuerzo, los cuidados, los trasnoches, el $$&#8230; y dice la veterinaria que si me crece pelo donde estaba el hoyo, ya no vuelve el carcinoma. Y est\u00e1 creciendo!<br>.<br>#Lady #gato #gatoalbino #carcinomadecelulasescamosas #carcinoma #electroquimioterapia #IRF #insuficienciarenal #homeopatiaveterinaria #gatoblanco #gatoindoor #adoptaungatoadulto #felizmenterescatado #cat #catrescue #catadoption #whitecat #instacat #catgram #catlover #kittylover #meowmeow<\/p>\n","protected":false},"excerpt":{"rendered":"<p>Esta es la historia de mi carcinoma de c\u00e9lulas escamosas en mi nariz y el tratamiento de electroquimioterapia.<br \/>\n.<br \/>\nTengo 18 a\u00f1os dicen los humanos, hace 5 estoy con esta humana que me cuida mucho.<br \/>\n.<br \/>\nHumana me conoce hace 16 a\u00f1os, y dice que siempre tuve una mini costra en mi nariz (y dermatitis act\u00ednica y verrugas en mis orejas). A fin de de 2019 se desat\u00f3 el carcinoma, y en marzo creci\u00f3 demasiado r\u00e1pido. A medida que el hoyo crec\u00eda yo me iba sintiendo mal, y humana se iba asustando.<br \/>\n.<br \/>\nEl 3 de abril me hicieron ex\u00e1menes, el 9 de abril la electroquimioterapia. La primera semana fue horrible, con edema, moco, feo, la pas\u00e9 muy mal. Estoy con mucho apoyo de homeopat\u00eda, reiki, imanes, curaciones con plata coloidial y el apoyo de la comunicadora animal Daniela Medrano de @alma.terapia<br \/>\n.<br \/>\nPero&#8230; pasada la crisis, mi nariz ha sanado de manera espectacular. Quienes me conocen dicen que tengo nariz nueva, y que rejuvenec\u00ed!<br \/>\nLas fotos abarcan 8 semanas, desde el tratamiento.<br \/>\n.<br \/>\nLo que me hicieron fue ELECTROQUIMIOTERAPIA, es una quimioterapia local, con aplicaci\u00f3n de luz, menos invasiva que la quimioterapia habitual.<br \/>\n.<br \/>\nLa terapia la sugiri\u00f3 mi veterinaria de cabecera, @ale_rojas_vet de Morgana Vet, \u00d1u\u00f1oa. Fue en su cl\u00ednica, y la onc\u00f3loga que aplic\u00f3 la t\u00e9cnica fue Daniela Zaror de https:\/\/www.electroquimioterapia.cl\/<br \/>\n.<br \/>\nEl costo total -dice humana- fue $ 220 mil pesos chilenos, con todo (una sesi\u00f3n).<br \/>\n.<br \/>\nComo ven, hay esperanza para el carcinoma. Hasta antes de saber de esto, humana estaba desesperada de verme que yo todav\u00eda tengo cuerda, y que el hoyo iba creciendo.<br \/>\n.<br \/>\nDice humana que vali\u00f3 todo el esfuerzo, los cuidados, los trasnoches, el $$&#8230; y dice la veterinaria que si me crece pelo donde estaba el hoyo, ya no vuelve el carcinoma. Y est\u00e1 creciendo<\/p>\n","protected":false},"author":2,"featured_media":7195,"comment_status":"open","ping_status":"open","sticky":false,"template":"","format":"standard","meta":{"footnotes":""},"categories":[134],"tags":[300,465,467,283,288,269,305,364,466,315,266,463,335,448,473,273,468,261,406,286,294],"views":1417,"_links":{"self":[{"href":"https:\/\/www.zocalo.cl\/gatos\/index.php?rest_route=\/wp\/v2\/posts\/7194"}],"collection":[{"href":"https:\/\/www.zocalo.cl\/gatos\/index.php?rest_route=\/wp\/v2\/posts"}],"about":[{"href":"https:\/\/www.zocalo.cl\/gatos\/index.php?rest_route=\/wp\/v2\/types\/post"}],"author":[{"embeddable":true,"href":"https:\/\/www.zocalo.cl\/gatos\/index.php?rest_route=\/wp\/v2\/users\/2"}],"replies":[{"embeddable":true,"href":"https:\/\/www.zocalo.cl\/gatos\/index.php?rest_route=%2Fwp%2Fv2%2Fcomments&post=7194"}],"version-history":[{"count":0,"href":"https:\/\/www.zocalo.cl\/gatos\/index.php?rest_route=\/wp\/v2\/posts\/7194\/revisions"}],"wp:featuredmedia":[{"embeddable":true,"href":"https:\/\/www.zocalo.cl\/gatos\/index.php?rest_route=\/wp\/v2\/media\/7195"}],"wp:attachment":[{"href":"https:\/\/www.zocalo.cl\/gatos\/index.php?rest_route=%2Fwp%2Fv2%2Fmedia&parent=7194"}],"wp:term":[{"taxonomy":"category","embeddable":true,"href":"https:\/\/www.zocalo.cl\/gatos\/index.php?rest_route=%2Fwp%2Fv2%2Fcategories&post=7194"},{"taxonomy":"post_tag","embeddable":true,"href":"https:\/\/www.zocalo.cl\/gatos\/index.php?rest_route=%2Fwp%2Fv2%2Ftags&post=7194"}],"curies":[{"name":"wp","href":"https:\/\/api.w.org\/{rel}","templated":true}]}}